{"id":2113,"date":"2023-03-07T21:25:14","date_gmt":"2023-03-07T20:25:14","guid":{"rendered":"https:\/\/design2wp.com\/?p=2113"},"modified":"2023-05-16T21:03:29","modified_gmt":"2023-05-16T20:03:29","slug":"rendezvenyjegy","status":"publish","type":"post","link":"https:\/\/design2wp.com\/hu\/referenciak\/rendezvenyjegy\/","title":{"rendered":"Rendezv\u00e9nyjegy"},"content":{"rendered":"<p style=\"text-align: justify;\">A Rendezv\u00e9nyjegy weblapja egy webshop oldal, mely a designer\u00fck \u00e1ltal tervezett egyedi megjelen\u00e9ssel k\u00e9sz\u00fclt. C\u00e9lja a rendezv\u00e9nyek, k\u00e9pz\u00e9sek bemutat\u00e1sa, bejelentkez\u00e9s ut\u00e1ni \u00e9s n\u00e9lk\u00fcli jegyv\u00e1s\u00e1rl\u00e1s, kapcsolatfelv\u00e9tel. T\u00f6bbfajta jegyv\u00e1s\u00e1rl\u00e1si lehet\u0151s\u00e9g, online fizet\u00e9s. Egy t\u00f6bboldalas webshop oldal lett a v\u00e9geredm\u00e9ny, mely a v\u00e1s\u00e1rl\u00e1s ut\u00e1n e-mailen kik\u00fcld egy QR k\u00f3dot, amely a rendezv\u00e9nyre, tanfolyamra t\u00f6rt\u00e9n\u0151 bel\u00e9p\u00e9st leegyszer\u0171s\u00edti, valamint k\u00f6nnyed\u00e9n k\u00f6vethet\u0151v\u00e9 teszi a bejelentkezettek l\u00e9tsz\u00e1m\u00e1t a rendezv\u00e9nyen, illetve a t\u00e1vollev\u0151k sz\u00e1m\u00e1t is. Term\u00e9szetesen helyfoglal\u00e1si lehet\u0151s\u00e9g is adott.<\/p>\n<p><strong>Funkci\u00f3k:<\/strong><\/p>\n<ul>\n<li>T\u00f6bb oldalas webshop<\/li>\n<li>Bejelentkez\u00e9ses v\u00e1s\u00e1rl\u00e1s<\/li>\n<li>Gyors\u00edt\u00f3t\u00e1raz\u00e1s<\/li>\n<li>Bet\u00f6lt\u00e9s optimaliz\u00e1l\u00e1s<\/li>\n<li>Mobil (\u00e1ll\u00f3, fekv\u0151) \/ Tablet \/ Desktop n\u00e9zet<\/li>\n<li>K\u00f6z\u00f6ss\u00e9gi m\u00e9dia integr\u00e1ci\u00f3<\/li>\n<li>Adatfelt\u00f6lt\u00e9s<\/li>\n<li>Az \u00fcgyf\u00e9l v\u00e1ltoztatja a weboldal tartalm\u00e1t, betan\u00edt\u00e1s ut\u00e1n<\/li>\n<li>QR k\u00f3d k\u00fcld\u00e9s v\u00e1s\u00e1rl\u00e1s ut\u00e1n<\/li>\n<li>Rendezv\u00e9ny l\u00e9tsz\u00e1m k\u00f6vet\u00e9se<\/li>\n<li>Hi\u00e1nyz\u00f3k nyilv\u00e1ntart\u00e1sa<\/li>\n<li>Helyfoglal\u00e1si lehet\u0151s\u00e9g<\/li>\n<li>Karbantart\u00e1s<\/li>\n<\/ul>\n","protected":false},"excerpt":{"rendered":"<p>A weboldal c\u00e9lja rendezv\u00e9nyek regisztr\u00e1ci\u00f3s, fizet\u00e9si \u00e9s rendezv\u00e9nyekre t\u00f6rt\u00e9n\u0151 bel\u00e9ptet\u00e9si folyamatainak kivitelez\u00e9se.<\/p>\n","protected":false},"author":2,"featured_media":2068,"comment_status":"closed","ping_status":"closed","sticky":false,"template":"","format":"standard","meta":{"footnotes":""},"categories":[4],"tags":[],"class_list":["post-2113","post","type-post","status-publish","format-standard","has-post-thumbnail","hentry","category-referenciak"],"_links":{"self":[{"href":"https:\/\/design2wp.com\/hu\/wp-json\/wp\/v2\/posts\/2113","targetHints":{"allow":["GET"]}}],"collection":[{"href":"https:\/\/design2wp.com\/hu\/wp-json\/wp\/v2\/posts"}],"about":[{"href":"https:\/\/design2wp.com\/hu\/wp-json\/wp\/v2\/types\/post"}],"author":[{"embeddable":true,"href":"https:\/\/design2wp.com\/hu\/wp-json\/wp\/v2\/users\/2"}],"replies":[{"embeddable":true,"href":"https:\/\/design2wp.com\/hu\/wp-json\/wp\/v2\/comments?post=2113"}],"version-history":[{"count":9,"href":"https:\/\/design2wp.com\/hu\/wp-json\/wp\/v2\/posts\/2113\/revisions"}],"predecessor-version":[{"id":3351,"href":"https:\/\/design2wp.com\/hu\/wp-json\/wp\/v2\/posts\/2113\/revisions\/3351"}],"wp:featuredmedia":[{"embeddable":true,"href":"https:\/\/design2wp.com\/hu\/wp-json\/wp\/v2\/media\/2068"}],"wp:attachment":[{"href":"https:\/\/design2wp.com\/hu\/wp-json\/wp\/v2\/media?parent=2113"}],"wp:term":[{"taxonomy":"category","embeddable":true,"href":"https:\/\/design2wp.com\/hu\/wp-json\/wp\/v2\/categories?post=2113"},{"taxonomy":"post_tag","embeddable":true,"href":"https:\/\/design2wp.com\/hu\/wp-json\/wp\/v2\/tags?post=2113"}],"curies":[{"name":"wp","href":"https:\/\/api.w.org\/{rel}","templated":true}]}}