{"id":2097,"date":"2023-03-07T21:19:25","date_gmt":"2023-03-07T20:19:25","guid":{"rendered":"https:\/\/design2wp.com\/?p=2097"},"modified":"2023-05-19T15:05:29","modified_gmt":"2023-05-19T14:05:29","slug":"intertoll-eu","status":"publish","type":"post","link":"https:\/\/design2wp.com\/hu\/referenciak\/intertoll-eu\/","title":{"rendered":"intertoll.eu"},"content":{"rendered":"<div id=\"brxe-ljmmpv\" class=\"brxe-text-basic\">\n<p style=\"text-align: justify;\">Az Intertoll eur\u00f3pai k\u00f6zpontja a m\u00e1r megl\u00e9v\u0151 c\u00e9ges webarculatuk \u00e1t\u00fcltet\u00e9s\u00e9t k\u00e9rte egy olyan B<strong>rand weboldal<\/strong>ba, amelyet az \u00fcgyfel\u00fcnk is tud szerkeszteni, mint p\u00e9ld\u00e1ul projektek \u00e9s egy\u00e9b sz\u00f6vegek, tartalmak. Az angol nyelv\u0171 weboldal az el\u00e9rhet\u0151s\u00e9geken k\u00edv\u00fcl a m\u00e1r elv\u00e9gzett projekteket, k\u00fcldet\u00e9s nyilatkozatot, a c\u00e9g szolg\u00e1ltat\u00e1sait \u00e9s az aktu\u00e1lis nyitott poz\u00edci\u00f3kat is tartalmazza. A Designt a c\u00e9g t\u00f6bbi weboldal\u00e1hoz alkalmazkodva alak\u00edtottuk ki. A betan\u00edt\u00e1s ut\u00e1n az oldal b\u00e1rmikor az \u00fcgyf\u00e9l \u00e1ltal v\u00e1ltoztathat\u00f3 lett, \u00edgy k\u00f6lts\u00e9ghat\u00e9konys\u00e1ga sz\u00e1mot tev\u0151 lett a projektnek.<\/p>\n<h3>Funkci\u00f3k:<\/h3>\n<ul>\n<li>T\u00f6bb oldalas Brand weboldal<\/li>\n<li>C\u00e9g k\u00fcldet\u00e9s\u00e9nek, szolg\u00e1ltat\u00e1sainak bemutat\u00e1sa<\/li>\n<li>Angol nyelv\u0171 fel\u00fclet<\/li>\n<li>A c\u00e9g arculat\u00e1nak megfelel\u0151 megjelen\u00e9s<\/li>\n<li>Mozg\u00f3 grafika<\/li>\n<li>Anim\u00e1ci\u00f3s technik\u00e1k<\/li>\n<li>Gyors\u00edt\u00f3t\u00e1raz\u00e1s<\/li>\n<li>Bet\u00f6lt\u00e9s optimaliz\u00e1l\u00e1s<\/li>\n<li>Mobil (\u00e1ll\u00f3, fekv\u0151) \/ Tablet \/ Desktop n\u00e9zet<\/li>\n<li>Adatfelt\u00f6lt\u00e9s<\/li>\n<li>K\u00e9pek optimaliz\u00e1l\u00e1sa<\/li>\n<li>SEO be\u00e1ll\u00edt\u00e1sok<\/li>\n<li>Ugr\u00e1s a tetej\u00e9re gomb<\/li>\n<li>Az \u00fcgyf\u00e9l v\u00e1ltoztatja a weboldal tartalm\u00e1t, betan\u00edt\u00e1s ut\u00e1n<\/li>\n<li>Karbantart\u00e1s<\/li>\n<li>Technikai t\u00e1mogat\u00e1s<\/li>\n<\/ul>\n<\/div>\n","protected":false},"excerpt":{"rendered":"<p>Megrendel\u0151nk c\u00e9lja WordPress MultiSite-ban lev\u0151 lehet\u0151s\u00e9gek kiakn\u00e1z\u00e1sa volt, azaz a brand orsz\u00e1gonk\u00e9nti megjelen\u00e9s\u00e9nek k\u00f6zponti kezel\u00e9s\u00e9nek kialak\u00edt\u00e1sa.<\/p>\n","protected":false},"author":2,"featured_media":2057,"comment_status":"closed","ping_status":"closed","sticky":false,"template":"","format":"standard","meta":{"footnotes":""},"categories":[4],"tags":[],"class_list":["post-2097","post","type-post","status-publish","format-standard","has-post-thumbnail","hentry","category-referenciak"],"_links":{"self":[{"href":"https:\/\/design2wp.com\/hu\/wp-json\/wp\/v2\/posts\/2097","targetHints":{"allow":["GET"]}}],"collection":[{"href":"https:\/\/design2wp.com\/hu\/wp-json\/wp\/v2\/posts"}],"about":[{"href":"https:\/\/design2wp.com\/hu\/wp-json\/wp\/v2\/types\/post"}],"author":[{"embeddable":true,"href":"https:\/\/design2wp.com\/hu\/wp-json\/wp\/v2\/users\/2"}],"replies":[{"embeddable":true,"href":"https:\/\/design2wp.com\/hu\/wp-json\/wp\/v2\/comments?post=2097"}],"version-history":[{"count":8,"href":"https:\/\/design2wp.com\/hu\/wp-json\/wp\/v2\/posts\/2097\/revisions"}],"predecessor-version":[{"id":3430,"href":"https:\/\/design2wp.com\/hu\/wp-json\/wp\/v2\/posts\/2097\/revisions\/3430"}],"wp:featuredmedia":[{"embeddable":true,"href":"https:\/\/design2wp.com\/hu\/wp-json\/wp\/v2\/media\/2057"}],"wp:attachment":[{"href":"https:\/\/design2wp.com\/hu\/wp-json\/wp\/v2\/media?parent=2097"}],"wp:term":[{"taxonomy":"category","embeddable":true,"href":"https:\/\/design2wp.com\/hu\/wp-json\/wp\/v2\/categories?post=2097"},{"taxonomy":"post_tag","embeddable":true,"href":"https:\/\/design2wp.com\/hu\/wp-json\/wp\/v2\/tags?post=2097"}],"curies":[{"name":"wp","href":"https:\/\/api.w.org\/{rel}","templated":true}]}}