{"id":1727,"date":"2023-02-24T15:27:08","date_gmt":"2023-02-24T14:27:08","guid":{"rendered":"https:\/\/design2wp.com\/?p=1727"},"modified":"2023-05-19T19:51:27","modified_gmt":"2023-05-19T18:51:27","slug":"elektroserv","status":"publish","type":"post","link":"https:\/\/design2wp.com\/hu\/referenciak\/elektroserv\/","title":{"rendered":"Elektroserv"},"content":{"rendered":"<p style=\"text-align: justify;\">Az Elektroservnek k\u00e9sz\u00fclt <strong>Brand weboldal<\/strong> c\u00e9lja az volt, hogy a c\u00e9g tervez\u0151i profilj\u00e1t ismertesse, mindemellett a szolg\u00e1ltat\u00e1si ter\u00fcleteket k\u00edv\u00e1ntuk bemutatni, valamint az el\u00e9rhet\u0151s\u00e9geket \u00e9s referenci\u00e1kat. Be\u00e9p\u00edtett\u00fck az aj\u00e1nlatk\u00e9r\u00e9si \u0171rlapot \u00e9s <strong>webshop<\/strong>ot is, mely lehet\u0151v\u00e9 tette a c\u00e9g fizikai boltj\u00e1nak bez\u00e1r\u00e1s\u00e1t, \u00edgy a weboldal elk\u00e9sz\u00edt\u00e9se rendk\u00edv\u00fcl sok k\u00f6lts\u00e9get sp\u00f3rolt meg. A <strong>weboldal karbantart\u00e1s<\/strong>\u00e1t is v\u00e1llaltuk, mely biztos\u00edtja, hogy hib\u00e1tlanul \u00fczemeljen a nap 24 \u00f3r\u00e1j\u00e1ban.<\/p>\n<h3>Funkci\u00f3k:<\/h3>\n<ul>\n<li>Egyoldalas &#8222;N\u00e9vjegy&#8221; weboldal \u00e9s Webshop<\/li>\n<li>Megrendel\u0151 \u00e9s kapcsolati \u0171rlap t\u00e9mak\u00f6r v\u00e1laszt\u00e1ssal<\/li>\n<li>A c\u00e9g arculat\u00e1nak megfelel\u0151 megjelen\u00e9s<\/li>\n<li>Dinamikusan mozg\u00f3 k\u00e9pek<\/li>\n<li>Mozg\u00f3 grafika<\/li>\n<li>Anim\u00e1ci\u00f3s technik\u00e1k<\/li>\n<li>Gyors\u00edt\u00f3t\u00e1raz\u00e1s<\/li>\n<li>Bet\u00f6lt\u00e9s optimaliz\u00e1l\u00e1s<\/li>\n<li>Mobil (\u00e1ll\u00f3, fekv\u0151) \/ Tablet \/ Desktop n\u00e9zet<\/li>\n<li>T\u00e1rhely foglal\u00e1s<\/li>\n<li>Domain foglal\u00e1s<\/li>\n<li>C\u00e9ges email c\u00edm<\/li>\n<li>Adatfelt\u00f6lt\u00e9s<\/li>\n<li>Karbantart\u00e1s<\/li>\n<li>Technikai t\u00e1mogat\u00e1s<\/li>\n<\/ul>\n","protected":false},"excerpt":{"rendered":"<p>A brand weboldal c\u00e9lja a c\u00e9g tervez\u0151i profilj\u00e1nak megjelen\u00edt\u00e9se referenciak\u00e9nt \u00e9s \u00fczletszerz\u00e9si forr\u00e1sk\u00e9nt. A weboldal webshop-ot is tartalmaz.<\/p>\n","protected":false},"author":1,"featured_media":2050,"comment_status":"closed","ping_status":"closed","sticky":false,"template":"","format":"standard","meta":{"footnotes":""},"categories":[4],"tags":[20],"class_list":["post-1727","post","type-post","status-publish","format-standard","has-post-thumbnail","hentry","category-referenciak","tag-webshop"],"_links":{"self":[{"href":"https:\/\/design2wp.com\/hu\/wp-json\/wp\/v2\/posts\/1727","targetHints":{"allow":["GET"]}}],"collection":[{"href":"https:\/\/design2wp.com\/hu\/wp-json\/wp\/v2\/posts"}],"about":[{"href":"https:\/\/design2wp.com\/hu\/wp-json\/wp\/v2\/types\/post"}],"author":[{"embeddable":true,"href":"https:\/\/design2wp.com\/hu\/wp-json\/wp\/v2\/users\/1"}],"replies":[{"embeddable":true,"href":"https:\/\/design2wp.com\/hu\/wp-json\/wp\/v2\/comments?post=1727"}],"version-history":[{"count":13,"href":"https:\/\/design2wp.com\/hu\/wp-json\/wp\/v2\/posts\/1727\/revisions"}],"predecessor-version":[{"id":3460,"href":"https:\/\/design2wp.com\/hu\/wp-json\/wp\/v2\/posts\/1727\/revisions\/3460"}],"wp:featuredmedia":[{"embeddable":true,"href":"https:\/\/design2wp.com\/hu\/wp-json\/wp\/v2\/media\/2050"}],"wp:attachment":[{"href":"https:\/\/design2wp.com\/hu\/wp-json\/wp\/v2\/media?parent=1727"}],"wp:term":[{"taxonomy":"category","embeddable":true,"href":"https:\/\/design2wp.com\/hu\/wp-json\/wp\/v2\/categories?post=1727"},{"taxonomy":"post_tag","embeddable":true,"href":"https:\/\/design2wp.com\/hu\/wp-json\/wp\/v2\/tags?post=1727"}],"curies":[{"name":"wp","href":"https:\/\/api.w.org\/{rel}","templated":true}]}}